{"id":997494,"date":"2023-09-18T16:33:12","date_gmt":"2023-09-18T14:33:12","guid":{"rendered":"https:\/\/www.protubsa.com\/comprometido-com-o-ambiente\/"},"modified":"2025-05-23T14:06:41","modified_gmt":"2025-05-23T12:06:41","slug":"comprometido-com-o-ambiente","status":"publish","type":"post","link":"https:\/\/www.protubsa.com\/pt-pt\/comprometido-com-o-ambiente\/","title":{"rendered":"Comprometido com o ambiente"},"content":{"rendered":"\t\t<div data-elementor-type=\"wp-post\" data-elementor-id=\"997494\" class=\"elementor elementor-997494 elementor-14337\" data-elementor-post-type=\"post\">\n\t\t\t\t\t\t<section class=\"elementor-section elementor-top-section elementor-element elementor-element-9051146 elementor-section-boxed elementor-section-height-default elementor-section-height-default\" data-id=\"9051146\" data-element_type=\"section\" data-e-type=\"section\">\n\t\t\t\t\t\t<div class=\"elementor-container elementor-column-gap-default\">\n\t\t\t\t\t<div class=\"elementor-column elementor-col-100 elementor-top-column elementor-element elementor-element-7ce3ed4\" data-id=\"7ce3ed4\" data-element_type=\"column\" data-e-type=\"column\" data-settings=\"{&quot;background_background&quot;:&quot;classic&quot;}\">\n\t\t\t<div class=\"elementor-widget-wrap elementor-element-populated\">\n\t\t\t\t\t\t<div class=\"vamtam-has-theme-widget-styles elementor-element elementor-element-55d6409 elementor-widget elementor-widget-text-editor\" data-id=\"55d6409\" data-element_type=\"widget\" data-e-type=\"widget\" data-widget_type=\"text-editor.default\">\n\t\t\t\t<div class=\"elementor-widget-container\">\n\t\t\t\t\t\t\t\t\t<p style=\"text-align: center;\"><strong>PROTUBSA COMPROMETIDA COM O AMBIENTE<\/strong><\/p>\t\t\t\t\t\t\t\t<\/div>\n\t\t\t\t<\/div>\n\t\t\t\t\t<\/div>\n\t\t<\/div>\n\t\t\t\t\t<\/div>\n\t\t<\/section>\n\t\t\t\t<section class=\"elementor-section elementor-top-section elementor-element elementor-element-cda6350 elementor-section-boxed elementor-section-height-default elementor-section-height-default\" data-id=\"cda6350\" data-element_type=\"section\" data-e-type=\"section\">\n\t\t\t\t\t\t<div class=\"elementor-container elementor-column-gap-default\">\n\t\t\t\t\t<div class=\"elementor-column elementor-col-100 elementor-top-column elementor-element elementor-element-7f28966\" data-id=\"7f28966\" data-element_type=\"column\" data-e-type=\"column\">\n\t\t\t<div class=\"elementor-widget-wrap elementor-element-populated\">\n\t\t\t\t\t\t<div class=\"vamtam-has-theme-widget-styles elementor-element elementor-element-ddbc183 elementor-widget elementor-widget-text-editor\" data-id=\"ddbc183\" data-element_type=\"widget\" data-e-type=\"widget\" data-widget_type=\"text-editor.default\">\n\t\t\t\t<div class=\"elementor-widget-container\">\n\t\t\t\t\t\t\t\t\t<h5 style=\"text-align: right;\"><strong>NOVA INSTALA\u00c7\u00c3O AEROT\u00c9RMICA<\/strong><\/h5>\n<p> <\/p>\n<p><strong><span style=\"color: #466961;\"><a style=\"color: #466961;\" href=\"https:\/\/www.protubsa.com\/pt-pt\/\" target=\"_blank\" rel=\"noopener\">Protubsa<\/a><\/span><\/strong> como empresa comprometida com o ambiente e a sustentabilidade atual e futura, incorpor\u00e1mos um sistema aerot\u00e9rmico de nova gera\u00e7\u00e3o com a ajuda dos fundos Next Generation da Uni\u00e3o Europeia.<\/p>\n<p>Utilizamos o calor do ar para gerar energia t\u00e9rmica eficiente. Estamos a reduzir a nossa pegada de carbono e, com esta energia limpa, contribu\u00edmos para a luta contra as altera\u00e7\u00f5es clim\u00e1ticas. <\/p>\n<p>Este projeto apoiado pelo Next Generation reduzir\u00e1 o nosso consumo de energia convencional e ajudar-nos-\u00e1 a reduzir os custos.<\/p>\n<p>Durante esta fase de implementa\u00e7\u00e3o, conseguimos tamb\u00e9m um benef\u00edcio para a economia local gra\u00e7as \u00e0 colabora\u00e7\u00e3o de empresas locais.<\/p>\n<p>O nosso compromisso para com o ambiente e a sustentabilidade continuar\u00e1 a procurar novas solu\u00e7\u00f5es que melhorem a efici\u00eancia energ\u00e9tica e, ao mesmo tempo, sejam mais limpas.<\/p>\n<p style=\"text-align: right;\"><strong>TEMOS EXEMPLOS PR\u00d3XIMOS DE N\u00d3S E QUEREMOS CONTRIBUIR PARA MELHORAR O AR QUE RESPIRAMOS.<\/strong><br><a href=\"https:\/\/vpe.es\/noticias\/vitoria-gasteiz-global-green-city\/\" target=\"_blank\" rel=\"noopener\"><strong><span style=\"color: #47739a;\">VITORIA, DE CAPITAL VERDE DA EUROPA A \u201cCIDADE VERDE GLOBAL\u201d.<\/span><\/strong><\/a><\/p>\t\t\t\t\t\t\t\t<\/div>\n\t\t\t\t<\/div>\n\t\t\t\t\t<\/div>\n\t\t<\/div>\n\t\t\t\t\t<\/div>\n\t\t<\/section>\n\t\t\t\t<section class=\"elementor-section elementor-top-section elementor-element elementor-element-09f1c59 elementor-section-boxed elementor-section-height-default elementor-section-height-default\" data-id=\"09f1c59\" data-element_type=\"section\" data-e-type=\"section\">\n\t\t\t\t\t\t<div class=\"elementor-container elementor-column-gap-default\">\n\t\t\t\t\t<div class=\"elementor-column elementor-col-100 elementor-top-column elementor-element elementor-element-e5376a6\" data-id=\"e5376a6\" data-element_type=\"column\" data-e-type=\"column\">\n\t\t\t<div class=\"elementor-widget-wrap elementor-element-populated\">\n\t\t\t\t\t\t<div class=\"elementor-element elementor-element-d653a72 elementor-widget elementor-widget-image\" data-id=\"d653a72\" data-element_type=\"widget\" data-e-type=\"widget\" data-widget_type=\"image.default\">\n\t\t\t\t<div class=\"elementor-widget-container\">\n\t\t\t\t\t\t\t\t\t\t\t\t\t\t\t<img fetchpriority=\"high\" decoding=\"async\" width=\"1024\" height=\"592\" src=\"https:\/\/www.protubsa.com\/wp-content\/uploads\/2023\/09\/Aeroter91-1024x592.jpg\" class=\"attachment-large size-large wp-image-997495\" alt=\"\" srcset=\"https:\/\/www.protubsa.com\/wp-content\/uploads\/2023\/09\/Aeroter91-1024x592.jpg 1024w, https:\/\/www.protubsa.com\/wp-content\/uploads\/2023\/09\/Aeroter91-300x174.jpg 300w, https:\/\/www.protubsa.com\/wp-content\/uploads\/2023\/09\/Aeroter91-768x444.jpg 768w, https:\/\/www.protubsa.com\/wp-content\/uploads\/2023\/09\/Aeroter91-1536x889.jpg 1536w, https:\/\/www.protubsa.com\/wp-content\/uploads\/2023\/09\/Aeroter91.jpg 1713w\" sizes=\"(max-width: 1024px) 100vw, 1024px\" \/>\t\t\t\t\t\t\t\t\t\t\t\t\t\t\t<\/div>\n\t\t\t\t<\/div>\n\t\t\t\t\t<\/div>\n\t\t<\/div>\n\t\t\t\t\t<\/div>\n\t\t<\/section>\n\t\t\t\t<section class=\"elementor-section elementor-top-section elementor-element elementor-element-bbe7806 elementor-section-boxed elementor-section-height-default elementor-section-height-default\" data-id=\"bbe7806\" data-element_type=\"section\" data-e-type=\"section\">\n\t\t\t\t\t\t<div class=\"elementor-container elementor-column-gap-default\">\n\t\t\t\t\t<div class=\"elementor-column elementor-col-100 elementor-top-column elementor-element elementor-element-b9b2543\" data-id=\"b9b2543\" data-element_type=\"column\" data-e-type=\"column\">\n\t\t\t<div class=\"elementor-widget-wrap elementor-element-populated\">\n\t\t\t\t\t\t<div class=\"vamtam-has-theme-widget-styles elementor-element elementor-element-dcd0d7f elementor-widget elementor-widget-text-editor\" data-id=\"dcd0d7f\" data-element_type=\"widget\" data-e-type=\"widget\" data-widget_type=\"text-editor.default\">\n\t\t\t\t<div class=\"elementor-widget-container\">\n\t\t\t\t\t\t\t\t\t<p><strong>A energia aerot\u00e9rmica<\/strong> \u00e9 uma tecnologia renov\u00e1vel que aproveita a energia t\u00e9rmica do ar exterior para fornecer aquecimento, arrefecimento e \u00e1gua quente sanit\u00e1ria. Utiliza uma bomba de calor para extrair o calor do ar e transferi-lo para os edif\u00edcios ou vice-versa. \u00c9 eficiente, uma vez que gera v\u00e1rias unidades de energia t\u00e9rmica por cada unidade de eletricidade consumida, e n\u00e3o produz emiss\u00f5es diretas de CO\u2082. Al\u00e9m disso, pode ser combinada com outras energias renov\u00e1veis, como a solar, o que melhora a sua efici\u00eancia e sustentabilidade.   <\/p>\t\t\t\t\t\t\t\t<\/div>\n\t\t\t\t<\/div>\n\t\t\t\t\t<\/div>\n\t\t<\/div>\n\t\t\t\t\t<\/div>\n\t\t<\/section>\n\t\t\t\t<\/div>\n\t\t","protected":false},"excerpt":{"rendered":"<p>A Protubsa, como empresa comprometida com o meio ambiente e a sustentabilidade atual e futura, incorporou um sistema aerot\u00e9rmico de nova gera\u00e7\u00e3o.<\/p>\n","protected":false},"author":1,"featured_media":997495,"comment_status":"open","ping_status":"closed","sticky":false,"template":"","format":"standard","meta":{"footnotes":""},"categories":[160,168],"tags":[163],"class_list":["post-997494","post","type-post","status-publish","format-standard","has-post-thumbnail","hentry","category-noticias","category-noticias-protubsa-pt-pt-2","tag-protubsa-pt-pt-2"],"yoast_head":"<!-- This site is optimized with the Yoast SEO Premium plugin v27.5 (Yoast SEO v27.5) - https:\/\/yoast.com\/product\/yoast-seo-premium-wordpress\/ -->\n<title>Protubsa empenhada no ambiente<\/title>\n<meta name=\"description\" content=\"Protubsa, como empresa comprometida com o meio ambiente, incorporou um sistema aerot\u00e9rmico de nova gera\u00e7\u00e3o.\" \/>\n<meta name=\"robots\" content=\"index, follow, max-snippet:-1, max-image-preview:large, max-video-preview:-1\" \/>\n<link rel=\"canonical\" href=\"https:\/\/www.protubsa.com\/pt-pt\/comprometido-com-o-ambiente\/\" \/>\n<meta property=\"og:locale\" content=\"pt_PT\" \/>\n<meta property=\"og:type\" content=\"article\" \/>\n<meta property=\"og:title\" content=\"Comprometido com o ambiente\" \/>\n<meta property=\"og:description\" content=\"Protubsa, como empresa comprometida com o meio ambiente, incorporou um sistema aerot\u00e9rmico de nova gera\u00e7\u00e3o.\" \/>\n<meta property=\"og:url\" content=\"https:\/\/www.protubsa.com\/pt-pt\/comprometido-com-o-ambiente\/\" \/>\n<meta property=\"og:site_name\" content=\"Barras y tubos de acero | Protubsa\" \/>\n<meta property=\"article:publisher\" content=\"https:\/\/www.facebook.com\/profile.php?id=100064172045907&amp;locale=es_ES\" \/>\n<meta property=\"article:published_time\" content=\"2023-09-18T14:33:12+00:00\" \/>\n<meta property=\"article:modified_time\" content=\"2025-05-23T12:06:41+00:00\" \/>\n<meta property=\"og:image\" content=\"https:\/\/www.protubsa.com\/wp-content\/uploads\/2023\/09\/Aeroter91.jpg\" \/>\n\t<meta property=\"og:image:width\" content=\"1713\" \/>\n\t<meta property=\"og:image:height\" content=\"991\" \/>\n\t<meta property=\"og:image:type\" content=\"image\/jpeg\" \/>\n<meta name=\"author\" content=\"jquilez\" \/>\n<meta name=\"twitter:card\" content=\"summary_large_image\" \/>\n<meta name=\"twitter:label1\" content=\"Escrito por\" \/>\n\t<meta name=\"twitter:data1\" content=\"jquilez\" \/>\n\t<meta name=\"twitter:label2\" content=\"Tempo estimado de leitura\" \/>\n\t<meta name=\"twitter:data2\" content=\"1 minuto\" \/>\n<script type=\"application\/ld+json\" class=\"yoast-schema-graph\">{\"@context\":\"https:\\\/\\\/schema.org\",\"@graph\":[{\"@type\":\"Article\",\"@id\":\"https:\\\/\\\/www.protubsa.com\\\/pt-pt\\\/comprometido-com-o-ambiente\\\/#article\",\"isPartOf\":{\"@id\":\"https:\\\/\\\/www.protubsa.com\\\/pt-pt\\\/comprometido-com-o-ambiente\\\/\"},\"author\":{\"name\":\"jquilez\",\"@id\":\"https:\\\/\\\/www.protubsa.com\\\/pt-pt\\\/#\\\/schema\\\/person\\\/45642ed280bf1c2f80db1889a2af1d0c\"},\"headline\":\"Comprometido com o ambiente\",\"datePublished\":\"2023-09-18T14:33:12+00:00\",\"dateModified\":\"2025-05-23T12:06:41+00:00\",\"mainEntityOfPage\":{\"@id\":\"https:\\\/\\\/www.protubsa.com\\\/pt-pt\\\/comprometido-com-o-ambiente\\\/\"},\"wordCount\":276,\"commentCount\":0,\"publisher\":{\"@id\":\"https:\\\/\\\/www.protubsa.com\\\/pt-pt\\\/#organization\"},\"image\":{\"@id\":\"https:\\\/\\\/www.protubsa.com\\\/pt-pt\\\/comprometido-com-o-ambiente\\\/#primaryimage\"},\"thumbnailUrl\":\"https:\\\/\\\/www.protubsa.com\\\/wp-content\\\/uploads\\\/2023\\\/09\\\/Aeroter91.jpg\",\"keywords\":[\"Protubsa\"],\"articleSection\":[\"Not\u00edcias\",\"Not\u00edcias Protubsa\"],\"inLanguage\":\"pt-PT\",\"potentialAction\":[{\"@type\":\"CommentAction\",\"name\":\"Comment\",\"target\":[\"https:\\\/\\\/www.protubsa.com\\\/pt-pt\\\/comprometido-com-o-ambiente\\\/#respond\"]}]},{\"@type\":\"WebPage\",\"@id\":\"https:\\\/\\\/www.protubsa.com\\\/pt-pt\\\/comprometido-com-o-ambiente\\\/\",\"url\":\"https:\\\/\\\/www.protubsa.com\\\/pt-pt\\\/comprometido-com-o-ambiente\\\/\",\"name\":\"Protubsa empenhada no ambiente\",\"isPartOf\":{\"@id\":\"https:\\\/\\\/www.protubsa.com\\\/pt-pt\\\/#website\"},\"primaryImageOfPage\":{\"@id\":\"https:\\\/\\\/www.protubsa.com\\\/pt-pt\\\/comprometido-com-o-ambiente\\\/#primaryimage\"},\"image\":{\"@id\":\"https:\\\/\\\/www.protubsa.com\\\/pt-pt\\\/comprometido-com-o-ambiente\\\/#primaryimage\"},\"thumbnailUrl\":\"https:\\\/\\\/www.protubsa.com\\\/wp-content\\\/uploads\\\/2023\\\/09\\\/Aeroter91.jpg\",\"datePublished\":\"2023-09-18T14:33:12+00:00\",\"dateModified\":\"2025-05-23T12:06:41+00:00\",\"description\":\"Protubsa, como empresa comprometida com o meio ambiente, incorporou um sistema aerot\u00e9rmico de nova gera\u00e7\u00e3o.\",\"breadcrumb\":{\"@id\":\"https:\\\/\\\/www.protubsa.com\\\/pt-pt\\\/comprometido-com-o-ambiente\\\/#breadcrumb\"},\"inLanguage\":\"pt-PT\",\"potentialAction\":[{\"@type\":\"ReadAction\",\"target\":[\"https:\\\/\\\/www.protubsa.com\\\/pt-pt\\\/comprometido-com-o-ambiente\\\/\"]}]},{\"@type\":\"ImageObject\",\"inLanguage\":\"pt-PT\",\"@id\":\"https:\\\/\\\/www.protubsa.com\\\/pt-pt\\\/comprometido-com-o-ambiente\\\/#primaryimage\",\"url\":\"https:\\\/\\\/www.protubsa.com\\\/wp-content\\\/uploads\\\/2023\\\/09\\\/Aeroter91.jpg\",\"contentUrl\":\"https:\\\/\\\/www.protubsa.com\\\/wp-content\\\/uploads\\\/2023\\\/09\\\/Aeroter91.jpg\",\"width\":1713,\"height\":991},{\"@type\":\"BreadcrumbList\",\"@id\":\"https:\\\/\\\/www.protubsa.com\\\/pt-pt\\\/comprometido-com-o-ambiente\\\/#breadcrumb\",\"itemListElement\":[{\"@type\":\"ListItem\",\"position\":1,\"name\":\"Portada\",\"item\":\"https:\\\/\\\/www.protubsa.com\\\/pt-pt\\\/\"},{\"@type\":\"ListItem\",\"position\":2,\"name\":\"Comprometido com o ambiente\"}]},{\"@type\":\"WebSite\",\"@id\":\"https:\\\/\\\/www.protubsa.com\\\/pt-pt\\\/#website\",\"url\":\"https:\\\/\\\/www.protubsa.com\\\/pt-pt\\\/\",\"name\":\"protubsa.com\",\"description\":\"Especialista em tubos e barras de a\u00e7o.\",\"publisher\":{\"@id\":\"https:\\\/\\\/www.protubsa.com\\\/pt-pt\\\/#organization\"},\"alternateName\":\"Protubsa\",\"potentialAction\":[{\"@type\":\"SearchAction\",\"target\":{\"@type\":\"EntryPoint\",\"urlTemplate\":\"https:\\\/\\\/www.protubsa.com\\\/pt-pt\\\/?s={search_term_string}\"},\"query-input\":{\"@type\":\"PropertyValueSpecification\",\"valueRequired\":true,\"valueName\":\"search_term_string\"}}],\"inLanguage\":\"pt-PT\"},{\"@type\":\"Organization\",\"@id\":\"https:\\\/\\\/www.protubsa.com\\\/pt-pt\\\/#organization\",\"name\":\"Proveedora de Tubos Occidental, S.L.\",\"alternateName\":\"Protubsa\",\"url\":\"https:\\\/\\\/www.protubsa.com\\\/pt-pt\\\/\",\"logo\":{\"@type\":\"ImageObject\",\"inLanguage\":\"pt-PT\",\"@id\":\"https:\\\/\\\/www.protubsa.com\\\/pt-pt\\\/#\\\/schema\\\/logo\\\/image\\\/\",\"url\":\"https:\\\/\\\/www.protubsa.com\\\/wp-content\\\/uploads\\\/2025\\\/01\\\/LogoProtu2025.jpg\",\"contentUrl\":\"https:\\\/\\\/www.protubsa.com\\\/wp-content\\\/uploads\\\/2025\\\/01\\\/LogoProtu2025.jpg\",\"width\":1280,\"height\":1280,\"caption\":\"Proveedora de Tubos Occidental, S.L.\"},\"image\":{\"@id\":\"https:\\\/\\\/www.protubsa.com\\\/pt-pt\\\/#\\\/schema\\\/logo\\\/image\\\/\"},\"sameAs\":[\"https:\\\/\\\/www.facebook.com\\\/profile.php?id=100064172045907&locale=es_ES\",\"https:\\\/\\\/www.youtube.com\\\/channel\\\/UCMGVivO-ehOsDOvQBWdhA7A\",\"https:\\\/\\\/www.linkedin.com\\\/company\\\/proveedora-de-tubos-occidental-s-l-protubsa\\\/?originalSubdomain=es\"],\"description\":\"Empresa distribuidora de tubos y barras de acero en aplicaciones en: hidr\u00e1ulica\\\/neum\u00e1tica, mec\u00e1nica, estructuras e industria, Oil-Gas.\",\"email\":\"protubsa@protubsa.com\",\"telephone\":\"+34 977 677 913\",\"legalName\":\"Proveedora de Tubos Occidental, S.L.\",\"foundingDate\":\"1994-10-10\",\"vatID\":\"B01267277\",\"numberOfEmployees\":{\"@type\":\"QuantitativeValue\",\"minValue\":\"51\",\"maxValue\":\"200\"},\"ethicsPolicy\":\"https:\\\/\\\/www.protubsa.com\\\/aviso-legal\\\/\"},{\"@type\":\"Person\",\"@id\":\"https:\\\/\\\/www.protubsa.com\\\/pt-pt\\\/#\\\/schema\\\/person\\\/45642ed280bf1c2f80db1889a2af1d0c\",\"name\":\"jquilez\",\"image\":{\"@type\":\"ImageObject\",\"inLanguage\":\"pt-PT\",\"@id\":\"https:\\\/\\\/secure.gravatar.com\\\/avatar\\\/8dcc5c7077a4e2bfd0ba245b1546ec11bbae4c32c8aa96b68a51647cf9a52ee7?s=96&d=mm&r=g\",\"url\":\"https:\\\/\\\/secure.gravatar.com\\\/avatar\\\/8dcc5c7077a4e2bfd0ba245b1546ec11bbae4c32c8aa96b68a51647cf9a52ee7?s=96&d=mm&r=g\",\"contentUrl\":\"https:\\\/\\\/secure.gravatar.com\\\/avatar\\\/8dcc5c7077a4e2bfd0ba245b1546ec11bbae4c32c8aa96b68a51647cf9a52ee7?s=96&d=mm&r=g\",\"caption\":\"jquilez\"},\"sameAs\":[\"https:\\\/\\\/www.protubsa.com\"]}]}<\/script>\n<!-- \/ Yoast SEO Premium plugin. -->","yoast_head_json":{"title":"Protubsa empenhada no ambiente","description":"Protubsa, como empresa comprometida com o meio ambiente, incorporou um sistema aerot\u00e9rmico de nova gera\u00e7\u00e3o.","robots":{"index":"index","follow":"follow","max-snippet":"max-snippet:-1","max-image-preview":"max-image-preview:large","max-video-preview":"max-video-preview:-1"},"canonical":"https:\/\/www.protubsa.com\/pt-pt\/comprometido-com-o-ambiente\/","og_locale":"pt_PT","og_type":"article","og_title":"Comprometido com o ambiente","og_description":"Protubsa, como empresa comprometida com o meio ambiente, incorporou um sistema aerot\u00e9rmico de nova gera\u00e7\u00e3o.","og_url":"https:\/\/www.protubsa.com\/pt-pt\/comprometido-com-o-ambiente\/","og_site_name":"Barras y tubos de acero | Protubsa","article_publisher":"https:\/\/www.facebook.com\/profile.php?id=100064172045907&locale=es_ES","article_published_time":"2023-09-18T14:33:12+00:00","article_modified_time":"2025-05-23T12:06:41+00:00","og_image":[{"width":1713,"height":991,"url":"https:\/\/www.protubsa.com\/wp-content\/uploads\/2023\/09\/Aeroter91.jpg","type":"image\/jpeg"}],"author":"jquilez","twitter_card":"summary_large_image","twitter_misc":{"Escrito por":"jquilez","Tempo estimado de leitura":"1 minuto"},"schema":{"@context":"https:\/\/schema.org","@graph":[{"@type":"Article","@id":"https:\/\/www.protubsa.com\/pt-pt\/comprometido-com-o-ambiente\/#article","isPartOf":{"@id":"https:\/\/www.protubsa.com\/pt-pt\/comprometido-com-o-ambiente\/"},"author":{"name":"jquilez","@id":"https:\/\/www.protubsa.com\/pt-pt\/#\/schema\/person\/45642ed280bf1c2f80db1889a2af1d0c"},"headline":"Comprometido com o ambiente","datePublished":"2023-09-18T14:33:12+00:00","dateModified":"2025-05-23T12:06:41+00:00","mainEntityOfPage":{"@id":"https:\/\/www.protubsa.com\/pt-pt\/comprometido-com-o-ambiente\/"},"wordCount":276,"commentCount":0,"publisher":{"@id":"https:\/\/www.protubsa.com\/pt-pt\/#organization"},"image":{"@id":"https:\/\/www.protubsa.com\/pt-pt\/comprometido-com-o-ambiente\/#primaryimage"},"thumbnailUrl":"https:\/\/www.protubsa.com\/wp-content\/uploads\/2023\/09\/Aeroter91.jpg","keywords":["Protubsa"],"articleSection":["Not\u00edcias","Not\u00edcias Protubsa"],"inLanguage":"pt-PT","potentialAction":[{"@type":"CommentAction","name":"Comment","target":["https:\/\/www.protubsa.com\/pt-pt\/comprometido-com-o-ambiente\/#respond"]}]},{"@type":"WebPage","@id":"https:\/\/www.protubsa.com\/pt-pt\/comprometido-com-o-ambiente\/","url":"https:\/\/www.protubsa.com\/pt-pt\/comprometido-com-o-ambiente\/","name":"Protubsa empenhada no ambiente","isPartOf":{"@id":"https:\/\/www.protubsa.com\/pt-pt\/#website"},"primaryImageOfPage":{"@id":"https:\/\/www.protubsa.com\/pt-pt\/comprometido-com-o-ambiente\/#primaryimage"},"image":{"@id":"https:\/\/www.protubsa.com\/pt-pt\/comprometido-com-o-ambiente\/#primaryimage"},"thumbnailUrl":"https:\/\/www.protubsa.com\/wp-content\/uploads\/2023\/09\/Aeroter91.jpg","datePublished":"2023-09-18T14:33:12+00:00","dateModified":"2025-05-23T12:06:41+00:00","description":"Protubsa, como empresa comprometida com o meio ambiente, incorporou um sistema aerot\u00e9rmico de nova gera\u00e7\u00e3o.","breadcrumb":{"@id":"https:\/\/www.protubsa.com\/pt-pt\/comprometido-com-o-ambiente\/#breadcrumb"},"inLanguage":"pt-PT","potentialAction":[{"@type":"ReadAction","target":["https:\/\/www.protubsa.com\/pt-pt\/comprometido-com-o-ambiente\/"]}]},{"@type":"ImageObject","inLanguage":"pt-PT","@id":"https:\/\/www.protubsa.com\/pt-pt\/comprometido-com-o-ambiente\/#primaryimage","url":"https:\/\/www.protubsa.com\/wp-content\/uploads\/2023\/09\/Aeroter91.jpg","contentUrl":"https:\/\/www.protubsa.com\/wp-content\/uploads\/2023\/09\/Aeroter91.jpg","width":1713,"height":991},{"@type":"BreadcrumbList","@id":"https:\/\/www.protubsa.com\/pt-pt\/comprometido-com-o-ambiente\/#breadcrumb","itemListElement":[{"@type":"ListItem","position":1,"name":"Portada","item":"https:\/\/www.protubsa.com\/pt-pt\/"},{"@type":"ListItem","position":2,"name":"Comprometido com o ambiente"}]},{"@type":"WebSite","@id":"https:\/\/www.protubsa.com\/pt-pt\/#website","url":"https:\/\/www.protubsa.com\/pt-pt\/","name":"protubsa.com","description":"Especialista em tubos e barras de a\u00e7o.","publisher":{"@id":"https:\/\/www.protubsa.com\/pt-pt\/#organization"},"alternateName":"Protubsa","potentialAction":[{"@type":"SearchAction","target":{"@type":"EntryPoint","urlTemplate":"https:\/\/www.protubsa.com\/pt-pt\/?s={search_term_string}"},"query-input":{"@type":"PropertyValueSpecification","valueRequired":true,"valueName":"search_term_string"}}],"inLanguage":"pt-PT"},{"@type":"Organization","@id":"https:\/\/www.protubsa.com\/pt-pt\/#organization","name":"Proveedora de Tubos Occidental, S.L.","alternateName":"Protubsa","url":"https:\/\/www.protubsa.com\/pt-pt\/","logo":{"@type":"ImageObject","inLanguage":"pt-PT","@id":"https:\/\/www.protubsa.com\/pt-pt\/#\/schema\/logo\/image\/","url":"https:\/\/www.protubsa.com\/wp-content\/uploads\/2025\/01\/LogoProtu2025.jpg","contentUrl":"https:\/\/www.protubsa.com\/wp-content\/uploads\/2025\/01\/LogoProtu2025.jpg","width":1280,"height":1280,"caption":"Proveedora de Tubos Occidental, S.L."},"image":{"@id":"https:\/\/www.protubsa.com\/pt-pt\/#\/schema\/logo\/image\/"},"sameAs":["https:\/\/www.facebook.com\/profile.php?id=100064172045907&locale=es_ES","https:\/\/www.youtube.com\/channel\/UCMGVivO-ehOsDOvQBWdhA7A","https:\/\/www.linkedin.com\/company\/proveedora-de-tubos-occidental-s-l-protubsa\/?originalSubdomain=es"],"description":"Empresa distribuidora de tubos y barras de acero en aplicaciones en: hidr\u00e1ulica\/neum\u00e1tica, mec\u00e1nica, estructuras e industria, Oil-Gas.","email":"protubsa@protubsa.com","telephone":"+34 977 677 913","legalName":"Proveedora de Tubos Occidental, S.L.","foundingDate":"1994-10-10","vatID":"B01267277","numberOfEmployees":{"@type":"QuantitativeValue","minValue":"51","maxValue":"200"},"ethicsPolicy":"https:\/\/www.protubsa.com\/aviso-legal\/"},{"@type":"Person","@id":"https:\/\/www.protubsa.com\/pt-pt\/#\/schema\/person\/45642ed280bf1c2f80db1889a2af1d0c","name":"jquilez","image":{"@type":"ImageObject","inLanguage":"pt-PT","@id":"https:\/\/secure.gravatar.com\/avatar\/8dcc5c7077a4e2bfd0ba245b1546ec11bbae4c32c8aa96b68a51647cf9a52ee7?s=96&d=mm&r=g","url":"https:\/\/secure.gravatar.com\/avatar\/8dcc5c7077a4e2bfd0ba245b1546ec11bbae4c32c8aa96b68a51647cf9a52ee7?s=96&d=mm&r=g","contentUrl":"https:\/\/secure.gravatar.com\/avatar\/8dcc5c7077a4e2bfd0ba245b1546ec11bbae4c32c8aa96b68a51647cf9a52ee7?s=96&d=mm&r=g","caption":"jquilez"},"sameAs":["https:\/\/www.protubsa.com"]}]}},"_links":{"self":[{"href":"https:\/\/www.protubsa.com\/pt-pt\/wp-json\/wp\/v2\/posts\/997494","targetHints":{"allow":["GET"]}}],"collection":[{"href":"https:\/\/www.protubsa.com\/pt-pt\/wp-json\/wp\/v2\/posts"}],"about":[{"href":"https:\/\/www.protubsa.com\/pt-pt\/wp-json\/wp\/v2\/types\/post"}],"author":[{"embeddable":true,"href":"https:\/\/www.protubsa.com\/pt-pt\/wp-json\/wp\/v2\/users\/1"}],"replies":[{"embeddable":true,"href":"https:\/\/www.protubsa.com\/pt-pt\/wp-json\/wp\/v2\/comments?post=997494"}],"version-history":[{"count":0,"href":"https:\/\/www.protubsa.com\/pt-pt\/wp-json\/wp\/v2\/posts\/997494\/revisions"}],"wp:featuredmedia":[{"embeddable":true,"href":"https:\/\/www.protubsa.com\/pt-pt\/wp-json\/wp\/v2\/media\/997495"}],"wp:attachment":[{"href":"https:\/\/www.protubsa.com\/pt-pt\/wp-json\/wp\/v2\/media?parent=997494"}],"wp:term":[{"taxonomy":"category","embeddable":true,"href":"https:\/\/www.protubsa.com\/pt-pt\/wp-json\/wp\/v2\/categories?post=997494"},{"taxonomy":"post_tag","embeddable":true,"href":"https:\/\/www.protubsa.com\/pt-pt\/wp-json\/wp\/v2\/tags?post=997494"}],"curies":[{"name":"wp","href":"https:\/\/api.w.org\/{rel}","templated":true}]}}